{"id":932,"date":"2026-09-03T16:18:06","date_gmt":"2026-09-03T20:18:06","guid":{"rendered":"https:\/\/gadcanaribamba.gob.ec\/azuay\/?p=932"},"modified":"2026-09-03T18:10:29","modified_gmt":"2026-09-03T22:10:29","slug":"feria-inclusiva-fi-gadprssc-2011-2026-0003","status":"publish","type":"post","link":"https:\/\/gadcanaribamba.gob.ec\/azuay\/?p=932","title":{"rendered":"FERIA INCLUSIVA FI-GADPRSSC-2011-2026-0003"},"content":{"rendered":"<h2><strong>\u00a0<\/strong><strong>OBJETO DE LA CONTRATACI\u00d3N<\/strong><\/h2>\n<h2>\u201cServicio de alquiler de veh\u00edculo con conductor, para la movilizaci\u00f3n de ni\u00f1as y ni\u00f1os de 1 a 3 a\u00f1os de edad que asisten al Centro de Desa<iframe src=\"\/\/docs.google.com\/viewer?url=https%3A%2F%2Fgadcanaribamba.gob.ec%2Fazuay%2Fwp-content%2Fuploads%2F2026%2F09%2FCONVOCATORIA.pdf&hl=es&embedded=true\" class=\"gde-frame\" style=\"width:100%; height:500px; border: none;\" scrolling=\"no\"><\/iframe>\n<p class=\"gde-text\"><a href=\"https:\/\/gadcanaribamba.gob.ec\/azuay\/wp-content\/uploads\/2026\/09\/CONVOCATORIA.pdf\" class=\"gde-link\">Descargar (PDF, 1.25MB)<\/a><\/p> <iframe src=\"\/\/docs.google.com\/viewer?url=https%3A%2F%2Fgadcanaribamba.gob.ec%2Fazuay%2Fwp-content%2Fuploads%2F2026%2F09%2FFORMULARIO-OFERTA.pdf&hl=es&embedded=true\" class=\"gde-frame\" style=\"width:100%; height:500px; border: none;\" scrolling=\"no\"><\/iframe>\n<p class=\"gde-text\"><a href=\"https:\/\/gadcanaribamba.gob.ec\/azuay\/wp-content\/uploads\/2026\/09\/FORMULARIO-OFERTA.pdf\" class=\"gde-link\">Descargar (PDF, 312KB)<\/a><\/p> <iframe src=\"\/\/docs.google.com\/viewer?url=https%3A%2F%2Fgadcanaribamba.gob.ec%2Fazuay%2Fwp-content%2Fuploads%2F2026%2F09%2FPLIEGO-FERIA-03-2026-firmado.pdf&hl=es&embedded=true\" class=\"gde-frame\" style=\"width:100%; height:500px; border: none;\" scrolling=\"no\"><\/iframe>\n<p class=\"gde-text\"><a href=\"https:\/\/gadcanaribamba.gob.ec\/azuay\/wp-content\/uploads\/2026\/09\/PLIEGO-FERIA-03-2026-firmado.pdf\" class=\"gde-link\">Descargar (PDF, 1.16MB)<\/a><\/p> <iframe src=\"\/\/docs.google.com\/viewer?url=https%3A%2F%2Fgadcanaribamba.gob.ec%2Fazuay%2Fwp-content%2Fuploads%2F2026%2F09%2FRESOLUCION-INICIO-FI-03-2026-firmada.pdf&hl=es&embedded=true\" class=\"gde-frame\" style=\"width:100%; height:500px; border: none;\" scrolling=\"no\"><\/iframe>\n<p class=\"gde-text\"><a href=\"https:\/\/gadcanaribamba.gob.ec\/azuay\/wp-content\/uploads\/2026\/09\/RESOLUCION-INICIO-FI-03-2026-firmada.pdf\" class=\"gde-link\">Descargar (PDF, 450KB)<\/a><\/p>rrollo Infantil CDI Nuevo Porvenir.\u201d<\/h2>\n","protected":false},"excerpt":{"rendered":"<p>\u00a0OBJETO DE LA CONTRATACI\u00d3N \u201cServicio de alquiler de veh\u00edculo con conductor, para la movilizaci\u00f3n de ni\u00f1as y ni\u00f1os de 1 a 3 a\u00f1os de edad que asisten al Centro de Desa rrollo Infantil CDI Nuevo Porvenir.\u201d<\/p>\n","protected":false},"author":8,"featured_media":945,"comment_status":"closed","ping_status":"closed","sticky":false,"template":"","format":"standard","meta":{"footnotes":""},"categories":[1],"tags":[],"class_list":["post-932","post","type-post","status-publish","format-standard","has-post-thumbnail","hentry","category-sin-categoria"],"yoast_head":"<!-- This site is optimized with the Yoast SEO plugin v27.0 - https:\/\/yoast.com\/product\/yoast-seo-wordpress\/ -->\n<title>FERIA INCLUSIVA FI-GADPRSSC-2011-2026-0003 - GAD Parroquial de Ca\u00f1aribamba<\/title>\n<meta name=\"robots\" content=\"index, follow, max-snippet:-1, max-image-preview:large, max-video-preview:-1\" \/>\n<link rel=\"canonical\" href=\"https:\/\/gadcanaribamba.gob.ec\/azuay\/?p=932\" \/>\n<meta property=\"og:locale\" content=\"es_ES\" \/>\n<meta property=\"og:type\" content=\"article\" \/>\n<meta property=\"og:title\" content=\"FERIA INCLUSIVA FI-GADPRSSC-2011-2026-0003 - GAD Parroquial de Ca\u00f1aribamba\" \/>\n<meta property=\"og:description\" content=\"\u00a0OBJETO DE LA CONTRATACI\u00d3N \u201cServicio de alquiler de veh\u00edculo con conductor, para la movilizaci\u00f3n de ni\u00f1as y ni\u00f1os de 1 a 3 a\u00f1os de edad que asisten al Centro de Desa rrollo Infantil CDI Nuevo Porvenir.\u201d\" \/>\n<meta property=\"og:url\" content=\"https:\/\/gadcanaribamba.gob.ec\/azuay\/?p=932\" \/>\n<meta property=\"og:site_name\" content=\"GAD Parroquial de Ca\u00f1aribamba\" \/>\n<meta property=\"article:published_time\" content=\"2026-09-03T20:18:06+00:00\" \/>\n<meta property=\"article:modified_time\" content=\"2026-09-03T22:10:29+00:00\" \/>\n<meta property=\"og:image\" content=\"https:\/\/gadcanaribamba.gob.ec\/azuay\/wp-content\/uploads\/2026\/09\/Captura-de-pantalla-2026-09-03-170943.png\" \/>\n\t<meta property=\"og:image:width\" content=\"787\" \/>\n\t<meta property=\"og:image:height\" content=\"356\" \/>\n\t<meta property=\"og:image:type\" content=\"image\/png\" \/>\n<meta name=\"author\" content=\"gadcanaribamba\" \/>\n<meta name=\"twitter:card\" content=\"summary_large_image\" \/>\n<meta name=\"twitter:label1\" content=\"Escrito por\" \/>\n\t<meta name=\"twitter:data1\" content=\"gadcanaribamba\" \/>\n\t<meta name=\"twitter:label2\" content=\"Tiempo de lectura\" \/>\n\t<meta name=\"twitter:data2\" content=\"1 minuto\" \/>\n<script type=\"application\/ld+json\" class=\"yoast-schema-graph\">{\"@context\":\"https:\/\/schema.org\",\"@graph\":[{\"@type\":\"Article\",\"@id\":\"https:\/\/gadcanaribamba.gob.ec\/azuay\/?p=932#article\",\"isPartOf\":{\"@id\":\"https:\/\/gadcanaribamba.gob.ec\/azuay\/?p=932\"},\"author\":{\"name\":\"gadcanaribamba\",\"@id\":\"https:\/\/gadcanaribamba.gob.ec\/azuay\/#\/schema\/person\/2ce7c089c6b32db537a3a88923a28af4\"},\"headline\":\"FERIA INCLUSIVA FI-GADPRSSC-2011-2026-0003\",\"datePublished\":\"2026-09-03T20:18:06+00:00\",\"dateModified\":\"2026-09-03T22:10:29+00:00\",\"mainEntityOfPage\":{\"@id\":\"https:\/\/gadcanaribamba.gob.ec\/azuay\/?p=932\"},\"wordCount\":93,\"image\":{\"@id\":\"https:\/\/gadcanaribamba.gob.ec\/azuay\/?p=932#primaryimage\"},\"thumbnailUrl\":\"https:\/\/gadcanaribamba.gob.ec\/azuay\/wp-content\/uploads\/2026\/09\/Captura-de-pantalla-2026-09-03-170943.png\",\"inLanguage\":\"es\"},{\"@type\":\"WebPage\",\"@id\":\"https:\/\/gadcanaribamba.gob.ec\/azuay\/?p=932\",\"url\":\"https:\/\/gadcanaribamba.gob.ec\/azuay\/?p=932\",\"name\":\"FERIA INCLUSIVA FI-GADPRSSC-2011-2026-0003 - GAD Parroquial de Ca\u00f1aribamba\",\"isPartOf\":{\"@id\":\"https:\/\/gadcanaribamba.gob.ec\/azuay\/#website\"},\"primaryImageOfPage\":{\"@id\":\"https:\/\/gadcanaribamba.gob.ec\/azuay\/?p=932#primaryimage\"},\"image\":{\"@id\":\"https:\/\/gadcanaribamba.gob.ec\/azuay\/?p=932#primaryimage\"},\"thumbnailUrl\":\"https:\/\/gadcanaribamba.gob.ec\/azuay\/wp-content\/uploads\/2026\/09\/Captura-de-pantalla-2026-09-03-170943.png\",\"datePublished\":\"2026-09-03T20:18:06+00:00\",\"dateModified\":\"2026-09-03T22:10:29+00:00\",\"author\":{\"@id\":\"https:\/\/gadcanaribamba.gob.ec\/azuay\/#\/schema\/person\/2ce7c089c6b32db537a3a88923a28af4\"},\"breadcrumb\":{\"@id\":\"https:\/\/gadcanaribamba.gob.ec\/azuay\/?p=932#breadcrumb\"},\"inLanguage\":\"es\",\"potentialAction\":[{\"@type\":\"ReadAction\",\"target\":[\"https:\/\/gadcanaribamba.gob.ec\/azuay\/?p=932\"]}]},{\"@type\":\"ImageObject\",\"inLanguage\":\"es\",\"@id\":\"https:\/\/gadcanaribamba.gob.ec\/azuay\/?p=932#primaryimage\",\"url\":\"https:\/\/gadcanaribamba.gob.ec\/azuay\/wp-content\/uploads\/2026\/09\/Captura-de-pantalla-2026-09-03-170943.png\",\"contentUrl\":\"https:\/\/gadcanaribamba.gob.ec\/azuay\/wp-content\/uploads\/2026\/09\/Captura-de-pantalla-2026-09-03-170943.png\",\"width\":787,\"height\":356},{\"@type\":\"BreadcrumbList\",\"@id\":\"https:\/\/gadcanaribamba.gob.ec\/azuay\/?p=932#breadcrumb\",\"itemListElement\":[{\"@type\":\"ListItem\",\"position\":1,\"name\":\"Home\",\"item\":\"https:\/\/gadcanaribamba.gob.ec\/azuay\/\"},{\"@type\":\"ListItem\",\"position\":2,\"name\":\"FERIA INCLUSIVA FI-GADPRSSC-2011-2026-0003\"}]},{\"@type\":\"WebSite\",\"@id\":\"https:\/\/gadcanaribamba.gob.ec\/azuay\/#website\",\"url\":\"https:\/\/gadcanaribamba.gob.ec\/azuay\/\",\"name\":\"GAD Parroquial de Ca\u00f1aribamba\",\"description\":\"Sitio Oficial del GAD Parroquial de Ca\u00f1aribamba Azuay\",\"potentialAction\":[{\"@type\":\"SearchAction\",\"target\":{\"@type\":\"EntryPoint\",\"urlTemplate\":\"https:\/\/gadcanaribamba.gob.ec\/azuay\/?s={search_term_string}\"},\"query-input\":{\"@type\":\"PropertyValueSpecification\",\"valueRequired\":true,\"valueName\":\"search_term_string\"}}],\"inLanguage\":\"es\"},{\"@type\":\"Person\",\"@id\":\"https:\/\/gadcanaribamba.gob.ec\/azuay\/#\/schema\/person\/2ce7c089c6b32db537a3a88923a28af4\",\"name\":\"gadcanaribamba\",\"image\":{\"@type\":\"ImageObject\",\"inLanguage\":\"es\",\"@id\":\"https:\/\/gadcanaribamba.gob.ec\/azuay\/#\/schema\/person\/image\/\",\"url\":\"https:\/\/secure.gravatar.com\/avatar\/075b2f540341ed6a1ad43090fb6b58a6bea0fea069da1e2007e89520765e0dfe?s=96&d=mm&r=g\",\"contentUrl\":\"https:\/\/secure.gravatar.com\/avatar\/075b2f540341ed6a1ad43090fb6b58a6bea0fea069da1e2007e89520765e0dfe?s=96&d=mm&r=g\",\"caption\":\"gadcanaribamba\"},\"url\":\"https:\/\/gadcanaribamba.gob.ec\/azuay\/?author=8\"}]}<\/script>\n<!-- \/ Yoast SEO plugin. -->","yoast_head_json":{"title":"FERIA INCLUSIVA FI-GADPRSSC-2011-2026-0003 - GAD Parroquial de Ca\u00f1aribamba","robots":{"index":"index","follow":"follow","max-snippet":"max-snippet:-1","max-image-preview":"max-image-preview:large","max-video-preview":"max-video-preview:-1"},"canonical":"https:\/\/gadcanaribamba.gob.ec\/azuay\/?p=932","og_locale":"es_ES","og_type":"article","og_title":"FERIA INCLUSIVA FI-GADPRSSC-2011-2026-0003 - GAD Parroquial de Ca\u00f1aribamba","og_description":"\u00a0OBJETO DE LA CONTRATACI\u00d3N \u201cServicio de alquiler de veh\u00edculo con conductor, para la movilizaci\u00f3n de ni\u00f1as y ni\u00f1os de 1 a 3 a\u00f1os de edad que asisten al Centro de Desa rrollo Infantil CDI Nuevo Porvenir.\u201d","og_url":"https:\/\/gadcanaribamba.gob.ec\/azuay\/?p=932","og_site_name":"GAD Parroquial de Ca\u00f1aribamba","article_published_time":"2026-09-03T20:18:06+00:00","article_modified_time":"2026-09-03T22:10:29+00:00","og_image":[{"width":787,"height":356,"url":"https:\/\/gadcanaribamba.gob.ec\/azuay\/wp-content\/uploads\/2026\/09\/Captura-de-pantalla-2026-09-03-170943.png","type":"image\/png"}],"author":"gadcanaribamba","twitter_card":"summary_large_image","twitter_misc":{"Escrito por":"gadcanaribamba","Tiempo de lectura":"1 minuto"},"schema":{"@context":"https:\/\/schema.org","@graph":[{"@type":"Article","@id":"https:\/\/gadcanaribamba.gob.ec\/azuay\/?p=932#article","isPartOf":{"@id":"https:\/\/gadcanaribamba.gob.ec\/azuay\/?p=932"},"author":{"name":"gadcanaribamba","@id":"https:\/\/gadcanaribamba.gob.ec\/azuay\/#\/schema\/person\/2ce7c089c6b32db537a3a88923a28af4"},"headline":"FERIA INCLUSIVA FI-GADPRSSC-2011-2026-0003","datePublished":"2026-09-03T20:18:06+00:00","dateModified":"2026-09-03T22:10:29+00:00","mainEntityOfPage":{"@id":"https:\/\/gadcanaribamba.gob.ec\/azuay\/?p=932"},"wordCount":93,"image":{"@id":"https:\/\/gadcanaribamba.gob.ec\/azuay\/?p=932#primaryimage"},"thumbnailUrl":"https:\/\/gadcanaribamba.gob.ec\/azuay\/wp-content\/uploads\/2026\/09\/Captura-de-pantalla-2026-09-03-170943.png","inLanguage":"es"},{"@type":"WebPage","@id":"https:\/\/gadcanaribamba.gob.ec\/azuay\/?p=932","url":"https:\/\/gadcanaribamba.gob.ec\/azuay\/?p=932","name":"FERIA INCLUSIVA FI-GADPRSSC-2011-2026-0003 - GAD Parroquial de Ca\u00f1aribamba","isPartOf":{"@id":"https:\/\/gadcanaribamba.gob.ec\/azuay\/#website"},"primaryImageOfPage":{"@id":"https:\/\/gadcanaribamba.gob.ec\/azuay\/?p=932#primaryimage"},"image":{"@id":"https:\/\/gadcanaribamba.gob.ec\/azuay\/?p=932#primaryimage"},"thumbnailUrl":"https:\/\/gadcanaribamba.gob.ec\/azuay\/wp-content\/uploads\/2026\/09\/Captura-de-pantalla-2026-09-03-170943.png","datePublished":"2026-09-03T20:18:06+00:00","dateModified":"2026-09-03T22:10:29+00:00","author":{"@id":"https:\/\/gadcanaribamba.gob.ec\/azuay\/#\/schema\/person\/2ce7c089c6b32db537a3a88923a28af4"},"breadcrumb":{"@id":"https:\/\/gadcanaribamba.gob.ec\/azuay\/?p=932#breadcrumb"},"inLanguage":"es","potentialAction":[{"@type":"ReadAction","target":["https:\/\/gadcanaribamba.gob.ec\/azuay\/?p=932"]}]},{"@type":"ImageObject","inLanguage":"es","@id":"https:\/\/gadcanaribamba.gob.ec\/azuay\/?p=932#primaryimage","url":"https:\/\/gadcanaribamba.gob.ec\/azuay\/wp-content\/uploads\/2026\/09\/Captura-de-pantalla-2026-09-03-170943.png","contentUrl":"https:\/\/gadcanaribamba.gob.ec\/azuay\/wp-content\/uploads\/2026\/09\/Captura-de-pantalla-2026-09-03-170943.png","width":787,"height":356},{"@type":"BreadcrumbList","@id":"https:\/\/gadcanaribamba.gob.ec\/azuay\/?p=932#breadcrumb","itemListElement":[{"@type":"ListItem","position":1,"name":"Home","item":"https:\/\/gadcanaribamba.gob.ec\/azuay\/"},{"@type":"ListItem","position":2,"name":"FERIA INCLUSIVA FI-GADPRSSC-2011-2026-0003"}]},{"@type":"WebSite","@id":"https:\/\/gadcanaribamba.gob.ec\/azuay\/#website","url":"https:\/\/gadcanaribamba.gob.ec\/azuay\/","name":"GAD Parroquial de Ca\u00f1aribamba","description":"Sitio Oficial del GAD Parroquial de Ca\u00f1aribamba Azuay","potentialAction":[{"@type":"SearchAction","target":{"@type":"EntryPoint","urlTemplate":"https:\/\/gadcanaribamba.gob.ec\/azuay\/?s={search_term_string}"},"query-input":{"@type":"PropertyValueSpecification","valueRequired":true,"valueName":"search_term_string"}}],"inLanguage":"es"},{"@type":"Person","@id":"https:\/\/gadcanaribamba.gob.ec\/azuay\/#\/schema\/person\/2ce7c089c6b32db537a3a88923a28af4","name":"gadcanaribamba","image":{"@type":"ImageObject","inLanguage":"es","@id":"https:\/\/gadcanaribamba.gob.ec\/azuay\/#\/schema\/person\/image\/","url":"https:\/\/secure.gravatar.com\/avatar\/075b2f540341ed6a1ad43090fb6b58a6bea0fea069da1e2007e89520765e0dfe?s=96&d=mm&r=g","contentUrl":"https:\/\/secure.gravatar.com\/avatar\/075b2f540341ed6a1ad43090fb6b58a6bea0fea069da1e2007e89520765e0dfe?s=96&d=mm&r=g","caption":"gadcanaribamba"},"url":"https:\/\/gadcanaribamba.gob.ec\/azuay\/?author=8"}]}},"_links":{"self":[{"href":"https:\/\/gadcanaribamba.gob.ec\/azuay\/index.php?rest_route=\/wp\/v2\/posts\/932","targetHints":{"allow":["GET"]}}],"collection":[{"href":"https:\/\/gadcanaribamba.gob.ec\/azuay\/index.php?rest_route=\/wp\/v2\/posts"}],"about":[{"href":"https:\/\/gadcanaribamba.gob.ec\/azuay\/index.php?rest_route=\/wp\/v2\/types\/post"}],"author":[{"embeddable":true,"href":"https:\/\/gadcanaribamba.gob.ec\/azuay\/index.php?rest_route=\/wp\/v2\/users\/8"}],"replies":[{"embeddable":true,"href":"https:\/\/gadcanaribamba.gob.ec\/azuay\/index.php?rest_route=%2Fwp%2Fv2%2Fcomments&post=932"}],"version-history":[{"count":1,"href":"https:\/\/gadcanaribamba.gob.ec\/azuay\/index.php?rest_route=\/wp\/v2\/posts\/932\/revisions"}],"predecessor-version":[{"id":937,"href":"https:\/\/gadcanaribamba.gob.ec\/azuay\/index.php?rest_route=\/wp\/v2\/posts\/932\/revisions\/937"}],"wp:featuredmedia":[{"embeddable":true,"href":"https:\/\/gadcanaribamba.gob.ec\/azuay\/index.php?rest_route=\/wp\/v2\/media\/945"}],"wp:attachment":[{"href":"https:\/\/gadcanaribamba.gob.ec\/azuay\/index.php?rest_route=%2Fwp%2Fv2%2Fmedia&parent=932"}],"wp:term":[{"taxonomy":"category","embeddable":true,"href":"https:\/\/gadcanaribamba.gob.ec\/azuay\/index.php?rest_route=%2Fwp%2Fv2%2Fcategories&post=932"},{"taxonomy":"post_tag","embeddable":true,"href":"https:\/\/gadcanaribamba.gob.ec\/azuay\/index.php?rest_route=%2Fwp%2Fv2%2Ftags&post=932"}],"curies":[{"name":"wp","href":"https:\/\/api.w.org\/{rel}","templated":true}]}}